{"id":4665,"date":"2026-09-05T19:10:27","date_gmt":"2026-09-05T17:10:27","guid":{"rendered":"https:\/\/www.astoll.es\/?p=4665"},"modified":"2026-09-05T19:10:27","modified_gmt":"2026-09-05T17:10:27","slug":"aviso-importante-cambio-de-fechas-en-la-salida-del-fin-de-semana-al-caminito-del-rey-malaga","status":"publish","type":"post","link":"https:\/\/www.astoll.es\/?p=4665","title":{"rendered":"\u00a1\u00a1AVISO IMPORTANTE!!: Cambio de Fechas en la salida del fin de semana al \u00abCaminito del Rey\u00bb (M\u00e1laga)."},"content":{"rendered":"<p>La <strong><em>Comisi\u00f3n encargada de La Organizaci\u00f3n de los viajes de Fines de Semana<\/em> <\/strong>comunica un <strong>CAMBIO IMPORTANTE <\/strong>relacionado con la <strong>salida de fin de semana al \u00abCaminito del Rey\u00bb (M\u00e1laga)<\/strong>:<\/p>\n<blockquote><p><span style=\"color: #008000;\"><em>\u00abPor motivos de disponibilidad de alojamientos en las fechas que se ten\u00edan previstas en el calendario, <strong>nos hemos visto forzados a CAMBIAR LAS FECHAS PREVISTAS.<\/strong><\/em><\/span><br \/>\n<span style=\"color: #008000;\"><em><strong>\u00a1\u00a1La salida se traslada al fin de semana del viernes 13 al domingo 15 de noviembre!!.<\/strong><\/em><\/span><br \/>\n<span style=\"color: #008000;\"><em>En los pr\u00f3ximos d\u00edas se remitir\u00e1 la convocatoria de PREINSCRIPCI\u00d3N<\/em><\/span>\u00ab.<\/p><\/blockquote>\n<p>&nbsp;<\/p>\n","protected":false},"excerpt":{"rendered":"<p>La Comisi\u00f3n encargada de La Organizaci\u00f3n de los viajes de Fines de Semana comunica un CAMBIO IMPORTANTE relacionado con la salida de fin de semana al \u00abCaminito del Rey\u00bb (M\u00e1laga): \u00abPor motivos de disponibilidad de alojamientos en las fechas que se ten\u00edan previstas en el calendario, nos hemos visto forzados a CAMBIAR LAS FECHAS PREVISTAS. [&hellip;]<\/p>\n","protected":false},"author":1,"featured_media":122,"comment_status":"open","ping_status":"open","sticky":false,"template":"","format":"standard","meta":{"footnotes":""},"categories":[17],"tags":[21],"class_list":["post-4665","post","type-post","status-publish","format-standard","has-post-thumbnail","hentry","category-noticias-comunicados","tag-comunicados","post-with-thumbnail","post-with-thumbnail-large"],"_links":{"self":[{"href":"https:\/\/www.astoll.es\/index.php?rest_route=\/wp\/v2\/posts\/4665","targetHints":{"allow":["GET"]}}],"collection":[{"href":"https:\/\/www.astoll.es\/index.php?rest_route=\/wp\/v2\/posts"}],"about":[{"href":"https:\/\/www.astoll.es\/index.php?rest_route=\/wp\/v2\/types\/post"}],"author":[{"embeddable":true,"href":"https:\/\/www.astoll.es\/index.php?rest_route=\/wp\/v2\/users\/1"}],"replies":[{"embeddable":true,"href":"https:\/\/www.astoll.es\/index.php?rest_route=%2Fwp%2Fv2%2Fcomments&post=4665"}],"version-history":[{"count":2,"href":"https:\/\/www.astoll.es\/index.php?rest_route=\/wp\/v2\/posts\/4665\/revisions"}],"predecessor-version":[{"id":4667,"href":"https:\/\/www.astoll.es\/index.php?rest_route=\/wp\/v2\/posts\/4665\/revisions\/4667"}],"wp:featuredmedia":[{"embeddable":true,"href":"https:\/\/www.astoll.es\/index.php?rest_route=\/wp\/v2\/media\/122"}],"wp:attachment":[{"href":"https:\/\/www.astoll.es\/index.php?rest_route=%2Fwp%2Fv2%2Fmedia&parent=4665"}],"wp:term":[{"taxonomy":"category","embeddable":true,"href":"https:\/\/www.astoll.es\/index.php?rest_route=%2Fwp%2Fv2%2Fcategories&post=4665"},{"taxonomy":"post_tag","embeddable":true,"href":"https:\/\/www.astoll.es\/index.php?rest_route=%2Fwp%2Fv2%2Ftags&post=4665"}],"curies":[{"name":"wp","href":"https:\/\/api.w.org\/{rel}","templated":true}]}}