{"id":4657,"date":"2026-09-03T09:50:35","date_gmt":"2026-09-03T07:50:35","guid":{"rendered":"https:\/\/www.astoll.es\/?p=4657"},"modified":"2026-09-03T09:50:35","modified_gmt":"2026-09-03T07:50:35","slug":"iii-marcha-columna-de-los-ocho-mil-domingo-20-de-septiembre-fuente-del-arco-badajoz","status":"publish","type":"post","link":"https:\/\/www.astoll.es\/?p=4657","title":{"rendered":"III Marcha \u00abColumna de los Ocho Mil\u00bb, domingo 20 de septiembre (Fuente del Arco, Badajoz)."},"content":{"rendered":"<p style=\"text-align: justify;\">Con un itinerario que conmemora <strong>LA COLUMNA DE LOS OCHO MIL<\/strong> y que recorrer\u00e1 parte del trazado por el que anduvieron, en <strong><em>septiembre de 1936<\/em><\/strong>, quienes integraron el primer \u00e9xodo masivo de la<em><strong> Guerra Civil Espa\u00f1ola<\/strong><\/em>. Y no es este un a\u00f1o cualquiera, pues en este septiembre de 2026 conmemoramos el<strong> 90 aniversario<\/strong> de aquella tragedia que involucr\u00f3 a miles de campesinas y campesinos extreme\u00f1os.<\/p>\n<p style=\"text-align: justify;\">La marcha discurrir\u00e1 por los alrededores de<strong> Fuente del Arco<\/strong>, en torno a algunos de los lugares emblem\u00e1ticos de esos hechos \u2014como el <em>cerro La Alcornocosa,<\/em> <em>El Penc\u00f3n<\/em> o la<em> Estaci\u00f3n de Fuente del Arco<\/em>\u2014 y podr\u00e1 realizarse en<strong> dos modalidades distintas<\/strong>:<\/p>\n<ul style=\"text-align: justify;\">\n<li><span style=\"color: #008000;\"><strong>Ruta completa<\/strong><\/span>, que consiste en un <strong>recorrido circular con origen y final en Fuente del Arco, de aproximadamente 10,40 km<\/strong>.<\/li>\n<li><strong><span style=\"color: #008000;\">Ruta corta<\/span><\/strong>,<strong> con un recorrido de 5,4 km<\/strong> tras el que habr\u00e1, en El Penc\u00f3n, un autob\u00fas para el regreso a Fuente del Arco.<\/li>\n<\/ul>\n<p style=\"text-align: justify;\">Se realizar\u00e1n algunas paradas en lugares de inter\u00e9s patrimonial y se compartir\u00e1n algunas explicaciones sobre el acontecimiento hist\u00f3rico.<\/p>\n<p><strong>La marcha incluye:<\/strong><br \/>\n&#8211; Presentaci\u00f3n de arque\u00f3logos e historiadores en puntos estrat\u00e9gicos.<br \/>\n&#8211; Desayuno y comida con precios populares.<br \/>\n&#8211; Actuaciones musicales.<\/p>\n<p>&#x1f4c5; <strong>Fecha<\/strong>: Domingo, 20 de SEPTIEMBRE de 2026.<br \/>\n&#x1f4cd; <strong>Punto de encuentro<\/strong>: PABELLON POLIDEPORTIVO DE FUENTE DEL ARCO<br \/>\n&#x23f0; <strong>Horarios<\/strong>:<\/p>\n<ul>\n<li><strong>A partir 8,30 h<\/strong>. &#8211; Encuentro polideportivo municipal de Fuente del Arco. Acreditaciones.<\/li>\n<li><strong>09:00 h.<\/strong> &#8211; Salida conjunta de la marcha.<\/li>\n<li><strong>A partir 12,30 h.<\/strong> &#8211; Llegada de participantes.<\/li>\n<li><strong>13,00 h.<\/strong> &#8211; Lectura de manifiesto e intervenciones.<\/li>\n<li><strong>13,15 &#8211; <\/strong>Actuaciones musicales.<\/li>\n<li><strong>A partir, 14:00 h<\/strong>.- Comida.<\/li>\n<\/ul>\n<p style=\"text-align: justify;\">Ten\u00e9is m\u00e1s informaci\u00f3n sobre esta actividad, adem\u00e1s del formulario de inscripci\u00f3n, en <a href=\"https:\/\/marchacolumnadelos8000.es\/\" target=\"_blank\" rel=\"noopener\"><strong>ESTE ENLACE<\/strong><\/a>.<\/p>\n<p><a href=\"https:\/\/www.astoll.es\/wp-content\/uploads\/2026\/09\/Cartel-III-Marcha-Columna-8000.jpg\"><img loading=\"lazy\" decoding=\"async\" class=\"aligncenter wp-image-4658\" src=\"https:\/\/www.astoll.es\/wp-content\/uploads\/2026\/09\/Cartel-III-Marcha-Columna-8000.jpg\" alt=\"\" width=\"600\" height=\"849\" srcset=\"https:\/\/www.astoll.es\/wp-content\/uploads\/2026\/09\/Cartel-III-Marcha-Columna-8000.jpg 707w, https:\/\/www.astoll.es\/wp-content\/uploads\/2026\/09\/Cartel-III-Marcha-Columna-8000-212x300.jpg 212w\" sizes=\"auto, (max-width: 600px) 100vw, 600px\" \/><\/a><\/p>\n<blockquote>\n<h3 style=\"text-align: center;\"><strong>MANIFIESTO III MARCHA COLUMNA DE LOS 8000 \u2013 90\u00ba ANIVERSARIO<\/strong><\/h3>\n<p style=\"text-align: justify;\"><span style=\"color: #216923;\"><em>El <strong>17 y 18 de septiembre de 1936<\/strong> se produjo uno de los sucesos m\u00e1s importantes y, a la vez, m\u00e1s dram\u00e1ticos de la historia contempor\u00e1nea de Extremadura: tras el golpe de estado fascista del 17-18 de julio de ese mismo a\u00f1o, dos meses despu\u00e9s, los \u00faltimos enclaves del suroeste extreme\u00f1o estaban a punto de ser tomados por las tropas del ej\u00e9rcito golpista. Tras una resistencia inicial, la poblaci\u00f3n y las fuerzas de la rep\u00fablica no pudieron hacer frente ante el avance de las tropas fascistas por la provincia de Badajoz. La columna de la muerte fue tomando la misma desde el sur, con el objetivo de ocupar todos los pueblos y sembrar el terror con miles de asesinatos en nuestra regi\u00f3n, persecuciones, etc. Ante esta situaci\u00f3n, un grupo formado por miles de personas intenta escapar del terror y la muerte, huyendo de manera organizada hacia zona republicana. Muchas personas hu\u00edan de sus pueblos por sus ideas pol\u00edticas y su militancia y compromiso, tanto pol\u00edtico, sindical, como social; otras simplemente por miedo. No sab\u00edan el terrible final que les esperaba a muchas de ellas.<\/em><\/span><\/p>\n<p style=\"text-align: justify;\"><span style=\"color: #216923;\"><em>Formaron lo que se denomin\u00f3 <strong>\u2018la columna de los 8000<\/strong>\u2019: el primer gran \u00e9xodo de personas que provoc\u00f3 el golpe de estado y la posterior Guerra Civil. La columna la conformaron, sobre todo, mujeres y hombres indefensos, ni\u00f1os y ni\u00f1as, ancianos y ancianas, andando y cargadas con algunos enseres en carros y animales. La mayor\u00eda iban desarmados. La huida fue a trav\u00e9s de un centenar de kil\u00f3metros, partiendo desde Valencia del Ventoso y pretendiendo llegar al enclave republicano de Azuaga, una de las pocas zonas de la provincia que no hab\u00eda sido ocupada a\u00fan por el ej\u00e9rcito fascista, y donde pod\u00edan estar a salvo.<\/em><\/span><\/p>\n<p style=\"text-align: justify;\"><span style=\"color: #216923;\"><em>Cuando estaban ya cerca de la libertad, la columna fue atacada en un paraje cercano a Reina y Fuente del Arco, siendo asesinadas m\u00e1s de un centenar de personas. Tras este ataque, muchos miembros de la columna acabaron huyendo de nuevo hacia sus pueblos, donde fueron asesinados, y unas 1.200 personas de la columna fueron hechas prisioneras y una buena parte fusiladas en los d\u00edas y semanas posteriores a su captura.<\/em><\/span><\/p>\n<p style=\"text-align: justify;\"><span style=\"color: #216923;\"><em>Sin embargo, a pesar de que estos hechos forman parte, junto con la matanza de Badajoz, de uno de los sucesos represivos m\u00e1s importantes de la Guerra Civil, estos hechos pasan desapercibidos para la mayor\u00eda de la poblaci\u00f3n extreme\u00f1a, sobre todo para los m\u00e1s j\u00f3venes. Pero esto no es casual, ya que hasta ahora ha sido silenciado por los distintos poderes y sus instituciones, los de antes y los de ahora, intentando que un manto de olvido, injusticia e impunidad cubra nuestra historia popular extreme\u00f1a.<\/em><\/span><\/p>\n<p style=\"text-align: justify;\"><span style=\"color: #216923;\"><em>Esto, unido a que Badajoz es la segunda regi\u00f3n del pa\u00eds con el mayor n\u00famero de personas asesinadas por el franquismo (en torno a 14.000 son las v\u00edctimas extreme\u00f1as y 12.000 las pacenses) y a que en la actualidad todav\u00eda m\u00e1s de 13.700 extreme\u00f1os y extreme\u00f1as contin\u00faan desaparecidas en cunetas y en fosas comunes, hace que sea necesario poner en pie iniciativas para reconstruir nuestro presente a trav\u00e9s de nuestro pasado.<\/em><\/span><\/p>\n<p style=\"text-align: justify;\"><span style=\"color: #216923;\"><em>En pleno 2026, 90 a\u00f1os despu\u00e9s de este hecho hist\u00f3rico, nos encontramos ante el auge de mensajes reaccionarios e incluso de negacionistas de nuestra propia historia como extreme\u00f1os y extreme\u00f1as. Mensajes que pretenden negar el genocidio cometido por el franquismo en nuestra tierra, y que han llegado al actual gobierno de la Junta de Extremadura, aplicando una pol\u00edtica ultra y agresiva contra nuestra memoria e historia, y las mayor\u00edas sociales, llegando ya a cumplir con su amenaza inicial de derogar la Ley de Memoria Hist\u00f3rica y Democr\u00e1tica de Extremadura, cuando en realidad lo que necesitaba nuestra regi\u00f3n es su aplicaci\u00f3n real y una mejora de la misma, que no hab\u00eda llevado a cabo ning\u00fan gobierno desde su creaci\u00f3n, con el objetivo de encontrar la luz al final de este largo t\u00fanel, demostrando que las \u2018prioridades\u2019 de este gobierno no eran otras que las de generar problemas en lugar de soluciones, generando as\u00ed un amplio malestar en los familiares de v\u00edctimas del franquismo y en las personas sucesoras de sus luchas y reivindicaciones a d\u00eda de hoy.<\/em><\/span><\/p>\n<p style=\"text-align: justify;\"><span style=\"color: #216923;\"><em>Por todo ello, nuestra regi\u00f3n se levanta para decir alto y claro que \u2018Extremadura tiene memoria\u2019, a trav\u00e9s de la \u2018III Marcha Columna de los 8000\u2019, con el objetivo este a\u00f1o en el que se cumple el 90\u00ba aniversario de estos hechos de superar el \u00e9xito de las dos primeras ediciones de la marcha, donde alrededor de un millar de personas participaron en cada una de ellas.<\/em><\/span><\/p>\n<p style=\"text-align: justify;\"><span style=\"color: #216923;\"><em>Esta jornada de lucha y memoria, impulsada por la Asociaci\u00f3n 25 de marzo, Asociaci\u00f3n para la Recuperaci\u00f3n de la Memoria Hist\u00f3rica \u2018Jos\u00e9 Gonz\u00e1lez Barrero\u2019, Asociaci\u00f3n de Memoria Hist\u00f3rica Campi\u00f1a Sur de Badajoz, Asociaci\u00f3n Cultural Morrimer, Asociacion de la Memoria Hist\u00f3rica Jos\u00e9 Lorenzana, Asociaci\u00f3n Cultural y Naturalista \u2018La Coruj\u00e1\u2019, ASTOLL (Asociaci\u00f3n de Senderismo Tomillo y Or\u00e9gano de Llerena), Antifascistas Zafra y la asociaci\u00f3n sevillana Somos La Hu\u00eda, adem\u00e1s de personas a t\u00edtulo individual, se celebrar\u00e1 el pr\u00f3ximo domingo 20 de septiembre, en una ruta circular que comenzar\u00e1 y finalizar\u00e1 en el pabell\u00f3n municipal de Fuente del Arco, con un recorrido de alrededor de 10 kil\u00f3metros, para transitar una parte de los senderos que recorrieron estas miles de personas. Nuestro objetivo sigue siendo una vez m\u00e1s el rescatar a la luz del presente este hecho hist\u00f3rico de nuestra regi\u00f3n y denunciar los discursos negacionistas y revisionistas de la Memoria Hist\u00f3rica y Democr\u00e1tica.<\/em><\/span><\/p>\n<p style=\"text-align: justify;\"><span style=\"color: #216923;\"><em>Caminaremos, no s\u00f3lo para rescatar la memoria de esas 8.000 personas, sino tambi\u00e9n para ser vacuna contra el machismo, el clasismo, el racismo y la lgtbifobia y, en definitiva, contra el fascismo, para las generaciones del presente, con el objetivo de seguir construyendo una cultura popular extreme\u00f1a cr\u00edtica, tolerante, diversa y progresista que traiga por fin Verdad, Justicia y Reparaci\u00f3n, y garant\u00eda de no repetici\u00f3n, as\u00ed como traer al presente el ejemplo de las luchas que encarnaban estas miles de personas que fueron borradas de la historia de un plumazo.<\/em><\/span><\/p>\n<\/blockquote>\n<p style=\"text-align: center;\"><strong>Documental: \u00abLa Columna de los Ocho Mil\u00bb.<\/strong><\/p>\n<p style=\"text-align: center;\"><iframe loading=\"lazy\" title=\"YouTube video player\" src=\"https:\/\/www.youtube.com\/embed\/BKM4t8jm1Xc?si=bDAmZZz87n9jCSVa\" width=\"560\" height=\"315\" frameborder=\"0\" allowfullscreen=\"allowfullscreen\"><\/iframe><\/p>\n","protected":false},"excerpt":{"rendered":"<p>Con un itinerario que conmemora LA COLUMNA DE LOS OCHO MIL y que recorrer\u00e1 parte del trazado por el que anduvieron, en septiembre de 1936, quienes integraron el primer \u00e9xodo masivo de la Guerra Civil Espa\u00f1ola. Y no es este un a\u00f1o cualquiera, pues en este septiembre de 2026 conmemoramos el 90 aniversario de aquella [&hellip;]<\/p>\n","protected":false},"author":1,"featured_media":4661,"comment_status":"open","ping_status":"open","sticky":false,"template":"","format":"standard","meta":{"footnotes":""},"categories":[17,18],"tags":[21,13],"class_list":["post-4657","post","type-post","status-publish","format-standard","has-post-thumbnail","hentry","category-noticias-comunicados","category-senderismo","tag-comunicados","tag-senderismo","post-with-thumbnail","post-with-thumbnail-large"],"_links":{"self":[{"href":"https:\/\/www.astoll.es\/index.php?rest_route=\/wp\/v2\/posts\/4657","targetHints":{"allow":["GET"]}}],"collection":[{"href":"https:\/\/www.astoll.es\/index.php?rest_route=\/wp\/v2\/posts"}],"about":[{"href":"https:\/\/www.astoll.es\/index.php?rest_route=\/wp\/v2\/types\/post"}],"author":[{"embeddable":true,"href":"https:\/\/www.astoll.es\/index.php?rest_route=\/wp\/v2\/users\/1"}],"replies":[{"embeddable":true,"href":"https:\/\/www.astoll.es\/index.php?rest_route=%2Fwp%2Fv2%2Fcomments&post=4657"}],"version-history":[{"count":3,"href":"https:\/\/www.astoll.es\/index.php?rest_route=\/wp\/v2\/posts\/4657\/revisions"}],"predecessor-version":[{"id":4662,"href":"https:\/\/www.astoll.es\/index.php?rest_route=\/wp\/v2\/posts\/4657\/revisions\/4662"}],"wp:featuredmedia":[{"embeddable":true,"href":"https:\/\/www.astoll.es\/index.php?rest_route=\/wp\/v2\/media\/4661"}],"wp:attachment":[{"href":"https:\/\/www.astoll.es\/index.php?rest_route=%2Fwp%2Fv2%2Fmedia&parent=4657"}],"wp:term":[{"taxonomy":"category","embeddable":true,"href":"https:\/\/www.astoll.es\/index.php?rest_route=%2Fwp%2Fv2%2Fcategories&post=4657"},{"taxonomy":"post_tag","embeddable":true,"href":"https:\/\/www.astoll.es\/index.php?rest_route=%2Fwp%2Fv2%2Ftags&post=4657"}],"curies":[{"name":"wp","href":"https:\/\/api.w.org\/{rel}","templated":true}]}}