{"id":4653,"date":"2026-09-03T09:09:37","date_gmt":"2026-09-03T07:09:37","guid":{"rendered":"https:\/\/www.astoll.es\/?p=4653"},"modified":"2026-09-03T09:51:48","modified_gmt":"2026-09-03T07:51:48","slug":"abierto-el-plazo-de-inscripcion-para-los-cursos-oficiales-de-tecnicos-deportivos-en-montana-y-escalada-curso-26-27","status":"publish","type":"post","link":"https:\/\/www.astoll.es\/?p=4653","title":{"rendered":"Abierto el plazo de Inscripci\u00f3n para los Cursos Oficiales de T\u00e9cnicos Deportivos en Monta\u00f1a y Escalada (curso 26\/27)"},"content":{"rendered":"<p style=\"text-align: justify;\">La<strong> Federaci\u00f3n Extreme\u00f1a de Monta\u00f1a y Escalada<\/strong> (<strong>FEXME<\/strong>), en colaboraci\u00f3n con el<em> Centro de Ense\u00f1anzas Deportivas Sportmaking y Gecko Turismo Activo<\/em>, anuncia la apertura del plazo de inscripci\u00f3n para los <em><strong>Cursos Oficiales de T\u00e9cnicos Deportivos en Monta\u00f1a y Escalada<\/strong><\/em> correspondientes al <strong>curso acad\u00e9mico 2026\/2027<\/strong>.<\/p>\n<p style=\"text-align: justify;\">Esta formaci\u00f3n oficial homologada ofrece un certificado acad\u00e9mico de Grado Medio dise\u00f1ado para capacitar profesionalmente a los alumnos y permitirles completar varias especialidades en un solo a\u00f1o acad\u00e9mico.<\/p>\n<p style=\"text-align: justify;\"><strong>Detalles de la formaci\u00f3n (TD1 &#8211; Ciclo Inicial en Senderismo):<\/strong><\/p>\n<p style=\"text-align: justify;\">\u25cf <strong>Lugar<\/strong>: C\u00e1ceres \/ Extremadura.<br \/>\n\u25cf <strong>Plan de estudios<\/strong>: 570 horas en total (90 h de requisito de acceso espec\u00edfico, 60 h de bloque com\u00fan y 420 h de bloque espec\u00edfico).<br \/>\n\u25cf <strong>Modalidad<\/strong>: Semipresencial (online y presencial) con salidas a la naturaleza.<br \/>\n\u25cf <strong>Precio<\/strong>: 1.390 \u20ac (disponibles descuentos por convalidaciones y matr\u00edcula anticipada).<br \/>\n\u25cf <strong>Ventajas<\/strong>: Docentes expertos en activo, bolsa de empleo y pr\u00e1cticas profesionales.<\/p>\n<p style=\"text-align: justify;\"><strong>Fechas clave y calendario 2026:<\/strong><\/p>\n<p style=\"text-align: justify;\">\u25cf <strong>Plazo de inscripci\u00f3n a pruebas de acceso<\/strong>: Hasta el 4 de septiembre de 2026.<br \/>\n\u25cf <strong>Inicio de las clases (TD1)<\/strong>: 29 de septiembre de 2026.<br \/>\n\u25cf<strong> Fin del per\u00edodo lectivo:<\/strong> 15 de noviembre de 2026.<br \/>\n\u25cf <strong>Jornadas presenciales:<\/strong><\/p>\n<p style=\"padding-left: 40px; text-align: left;\">\u25cb Del 3 al 11 de octubre (9 d\u00edas).<br \/>\n\u25cb Del 6 al 8 de noviembre (3 d\u00edas).<br \/>\n\u25cb Del 13 al 15 de noviembre (3 d\u00edas).<\/p>\n<p style=\"text-align: justify;\"><strong>Inscripciones e informaci\u00f3n:<\/strong><br \/>\nPara completar la preinscripci\u00f3n, los interesados pueden acceder directamente a la <a href=\"https:\/\/www.aventurajerte.es\/producto\/matricula-td1-montana-senderismo\/\" target=\"_blank\" rel=\"noopener\"><em><strong>Plataforma de Matr\u00edcula TD1.<\/strong><\/em><\/a> Para obtener m\u00e1s detalles sobre el programa, se puede consultar la <a href=\"https:\/\/www.aventurajerte.es\/td1-senderismo\/#1711573342498-f8928779-b5bc\" target=\"_blank\" rel=\"noopener\"><strong>Ficha Informativa de TD1 Senderismo<\/strong><\/a> o ponerse en contacto a trav\u00e9s del tel\u00e9fono 613 00 68 68.<\/p>\n<p style=\"text-align: justify;\">Aqu\u00ed os dejamos el <em><a href=\"https:\/\/www.aventurajerte.es\/producto\/matricula-td1-montana-senderismo\/\" target=\"_blank\" rel=\"noopener\"><strong>ENLACE para la MATR\u00cdCULA<\/strong><\/a><\/em>.<\/p>\n<p style=\"text-align: left;\"><a href=\"https:\/\/www.astoll.es\/wp-content\/uploads\/2026\/09\/CursosFexme_26-27.jpg\"><img loading=\"lazy\" decoding=\"async\" class=\"aligncenter size-full wp-image-4655\" src=\"https:\/\/www.astoll.es\/wp-content\/uploads\/2026\/09\/CursosFexme_26-27.jpg\" alt=\"\" width=\"480\" height=\"600\" srcset=\"https:\/\/www.astoll.es\/wp-content\/uploads\/2026\/09\/CursosFexme_26-27.jpg 480w, https:\/\/www.astoll.es\/wp-content\/uploads\/2026\/09\/CursosFexme_26-27-240x300.jpg 240w\" sizes=\"auto, (max-width: 480px) 100vw, 480px\" \/><\/a><\/p>\n","protected":false},"excerpt":{"rendered":"<p>La Federaci\u00f3n Extreme\u00f1a de Monta\u00f1a y Escalada (FEXME), en colaboraci\u00f3n con el Centro de Ense\u00f1anzas Deportivas Sportmaking y Gecko Turismo Activo, anuncia la apertura del plazo de inscripci\u00f3n para los Cursos Oficiales de T\u00e9cnicos Deportivos en Monta\u00f1a y Escalada correspondientes al curso acad\u00e9mico 2026\/2027. Esta formaci\u00f3n oficial homologada ofrece un certificado acad\u00e9mico de Grado Medio [&hellip;]<\/p>\n","protected":false},"author":1,"featured_media":4169,"comment_status":"open","ping_status":"open","sticky":false,"template":"","format":"standard","meta":{"footnotes":""},"categories":[17],"tags":[21],"class_list":["post-4653","post","type-post","status-publish","format-standard","has-post-thumbnail","hentry","category-noticias-comunicados","tag-comunicados","post-with-thumbnail","post-with-thumbnail-large"],"_links":{"self":[{"href":"https:\/\/www.astoll.es\/index.php?rest_route=\/wp\/v2\/posts\/4653","targetHints":{"allow":["GET"]}}],"collection":[{"href":"https:\/\/www.astoll.es\/index.php?rest_route=\/wp\/v2\/posts"}],"about":[{"href":"https:\/\/www.astoll.es\/index.php?rest_route=\/wp\/v2\/types\/post"}],"author":[{"embeddable":true,"href":"https:\/\/www.astoll.es\/index.php?rest_route=\/wp\/v2\/users\/1"}],"replies":[{"embeddable":true,"href":"https:\/\/www.astoll.es\/index.php?rest_route=%2Fwp%2Fv2%2Fcomments&post=4653"}],"version-history":[{"count":4,"href":"https:\/\/www.astoll.es\/index.php?rest_route=\/wp\/v2\/posts\/4653\/revisions"}],"predecessor-version":[{"id":4664,"href":"https:\/\/www.astoll.es\/index.php?rest_route=\/wp\/v2\/posts\/4653\/revisions\/4664"}],"wp:featuredmedia":[{"embeddable":true,"href":"https:\/\/www.astoll.es\/index.php?rest_route=\/wp\/v2\/media\/4169"}],"wp:attachment":[{"href":"https:\/\/www.astoll.es\/index.php?rest_route=%2Fwp%2Fv2%2Fmedia&parent=4653"}],"wp:term":[{"taxonomy":"category","embeddable":true,"href":"https:\/\/www.astoll.es\/index.php?rest_route=%2Fwp%2Fv2%2Fcategories&post=4653"},{"taxonomy":"post_tag","embeddable":true,"href":"https:\/\/www.astoll.es\/index.php?rest_route=%2Fwp%2Fv2%2Ftags&post=4653"}],"curies":[{"name":"wp","href":"https:\/\/api.w.org\/{rel}","templated":true}]}}