{"id":4618,"date":"2026-04-29T15:00:08","date_gmt":"2026-04-29T13:00:08","guid":{"rendered":"https:\/\/www.astoll.es\/?p=4618"},"modified":"2026-04-29T21:24:55","modified_gmt":"2026-04-29T19:24:55","slug":"ruta-la-rabaza-cascada-de-cabroeira-portugal-sabado-9-de-mayo","status":"publish","type":"post","link":"https:\/\/www.astoll.es\/?p=4618","title":{"rendered":"Ruta: La Rabaza &#8211; Cascada de Cabroeira (Portugal), s\u00e1bado 9 de mayo."},"content":{"rendered":"<p>Ya se encuentra abierto el plazo de inscripci\u00f3n para la ruta:<strong> La Rabaza &#8211;\u00a0 Cascada de Cabroeira (Portugal), <\/strong>circular de unos <strong>10 km<\/strong>\u00a0 y con<strong> dificultad baja, <\/strong>para el<strong> s\u00e1bado 9 de mayo<\/strong>.<\/p>\n<p>Pod\u00e9is consultar\/descargar el track de esta ruta en<a href=\"https:\/\/es.wikiloc.com\/rutas-senderismo\/la-rabaza-cascada-cabroeira-190437549\" target=\"_blank\" rel=\"noopener\"><strong> ESTE ENLACE<\/strong><\/a>.<\/p>\n<p style=\"text-align: center;\"><a href=\"https:\/\/www.astoll.es\/wp-content\/uploads\/2026\/04\/Cabroeira_03.png\"><img loading=\"lazy\" decoding=\"async\" class=\"aligncenter wp-image-4619\" src=\"https:\/\/www.astoll.es\/wp-content\/uploads\/2026\/04\/Cabroeira_03.png\" alt=\"\" width=\"548\" height=\"704\" srcset=\"https:\/\/www.astoll.es\/wp-content\/uploads\/2026\/04\/Cabroeira_03.png 1032w, https:\/\/www.astoll.es\/wp-content\/uploads\/2026\/04\/Cabroeira_03-233x300.png 233w, https:\/\/www.astoll.es\/wp-content\/uploads\/2026\/04\/Cabroeira_03-797x1024.png 797w, https:\/\/www.astoll.es\/wp-content\/uploads\/2026\/04\/Cabroeira_03-768x987.png 768w\" sizes=\"auto, (max-width: 548px) 100vw, 548px\" \/><\/a><\/p>\n<p>Dejamos aqu\u00ed una peque\u00f1a descripci\u00f3n ofrecida por \u00ab<strong><em>Turismo do Alentejo, ERT\u00bb<\/em><\/strong>:<\/p>\n<p style=\"text-align: justify;\">\u00ab<strong>Las Cascadas de Cabroeira forman parte del geositio que lleva el mismo nombre, situado en el cauce del r\u00edo Cabroeira, que nace al noreste de Soverete<\/strong>.<\/p>\n<p style=\"text-align: justify;\"><span style=\"color: #008000;\"><em>Se encuentran en el coraz\u00f3n de la<strong> Serra de S\u00e3o Mamede<\/strong>, en <strong>Raba\u00e7a &#8211; Cabroeira do Meio<\/strong>, y est\u00e1n a menos de 2 km al sur de la frontera con <strong>Espa\u00f1a<\/strong>. Desde este paraje, que cuenta con incomparables vistas al agreste paisaje y al valle enmarcado por imponentes desniveles, se pueden vislumbrar una sucesi\u00f3n de cascadas, cuyo mayor salto de agua alcanza los 25 m de altura. La altitud en la cima de la pendiente alcanza los 485 m y el cauce del <strong>r\u00edo Cabroeira<\/strong> se encuentra a una altura media de 430 m. Constituye un mirador natural de rocas metam\u00f3rficas, integrado en un \u00e1rea de esquistos ampelitosos plegados, que es atravesado por una gran veta de cuarcitas dev\u00f3nicas y areniscas ferruginosas cuya orientaci\u00f3n es sustancialmente NW-SE. Es un lugar de nidificaci\u00f3n de buitres leonados, y antiguamente tambi\u00e9n de \u00e1guilas perdiceras. Aqu\u00ed, todav\u00eda pueden verse los restos arqueol\u00f3gicos de unas ruinas formadas por un conjunto de edificaciones rurales de gran inter\u00e9s. Se caracteriza por ser un paisaje de reducida presi\u00f3n antr\u00f3pica, que destaca por su valor geomorfol\u00f3gico, hidrol\u00f3gico, ornitol\u00f3gico y por la riqueza de sus h\u00e1bitats, que cuentan con una gran diversidad de especies. La magnificencia de este lugar se ve tambi\u00e9n realzada por la presencia del agua en todas sus diferentes expresiones, que asume un papel protagonista en este agreste paraje<\/em><\/span>\u00ab.<\/p>\n<p style=\"text-align: left;\"><a href=\"https:\/\/www.astoll.es\/wp-content\/uploads\/2026\/04\/Cabroeira_01.jpg\"><img loading=\"lazy\" decoding=\"async\" class=\"aligncenter wp-image-4620\" src=\"https:\/\/www.astoll.es\/wp-content\/uploads\/2026\/04\/Cabroeira_01.jpg\" alt=\"\" width=\"500\" height=\"674\" srcset=\"https:\/\/www.astoll.es\/wp-content\/uploads\/2026\/04\/Cabroeira_01.jpg 700w, https:\/\/www.astoll.es\/wp-content\/uploads\/2026\/04\/Cabroeira_01-222x300.jpg 222w\" sizes=\"auto, (max-width: 500px) 100vw, 500px\" \/><\/a><\/p>\n<p style=\"text-align: justify;\">Os dejamos otro enlace a un art\u00edculo publicado el <strong>peri\u00f3dico HOY<\/strong> con el t\u00edtulo: \u00ab<a href=\"https:\/\/www.hoy.es\/extremadura\/rabaza-bano-escondido-20190825091055-nt.html\" target=\"_blank\" rel=\"noopener\"><strong><em>La Rabaza: el ba\u00f1o m\u00e1s escondido<\/em><\/strong><\/a>\u00ab.<\/p>\n<p style=\"text-align: justify;\">La <strong>inscripci\u00f3n es obligatori<\/strong>a y debe realizarse preferentemente por correo electr\u00f3nico (<strong><a href=\"mailto:astoll@astoll.es\" target=\"_blank\" rel=\"noopener noreferrer\">astoll@astoll.es<\/a><\/strong> o <strong><a href=\"mailto:secretario@astoll.es\" target=\"_blank\" rel=\"noopener noreferrer\">secretario@astoll.es<\/a><\/strong>), whatsapp o llamada por tel\u00e9fono (<strong>600611187<\/strong> \u2013 Jos\u00e9 \u00c1ngel), si no se dispone de los otros medios.<\/p>\n<p style=\"text-align: justify;\"><strong>El plazo finaliza a las 20:00 horas del jueves, d\u00eda 7 de nayo<\/strong>. Se cobrar\u00e1 el precio del viaje a todos los socios que se encuentren inscritos a las 20:00 horas del jueves d\u00eda 7 de mayo, viajen o no.<\/p>\n<p style=\"text-align: justify;\"><span style=\"color: #ff0000;\"><strong>Lugar de salida desde Llerena<\/strong><\/span>: frente\u00a0 a <em>Cervecer\u00eda Cafeter\u00eda \u201cCasa Antonio\u201d<strong>.\u00a0<\/strong><\/em><strong><span style=\"color: #ff0000;\">Hora de salida del bus<\/span>: <span style=\"color: #0000ff;\">6:15 h. <\/span><\/strong><span style=\"color: #000000;\"><em>(\u00a1\u00a1se cambia el horario de salida con respecto la que aparece en nuestro calendario!!)<\/em><\/span><\/p>\n<p style=\"text-align: justify;\"><span style=\"color: #0000ff;\"><strong><u>PRECIO BUS PARA SOCIOS<\/u>: <\/strong> <strong>3 \u20ac<\/strong>.<\/span> No es necesario hacer el ingreso de esta cantidad, al final de a\u00f1o se har\u00e1 recuento de rutas por socio y se pasar\u00e1 el recibo con la cuota del a\u00f1o 2027.<\/p>\n<p style=\"text-align: justify;\"><span style=\"color: #0000ff;\"><strong><u>PRECIO BUS PARA \u201cNO\u201d SOCIOS<\/u>:<\/strong> <strong>15 \u20ac<span style=\"color: #000000;\">.<\/span><\/strong><\/span> El ingreso se debe realizar en la cuenta:<\/p>\n<p style=\"text-align: center;\"><strong><span style=\"color: #0000ff;\"> Banco Pueyo:<\/span> <span style=\"color: #ff0000;\">ES68 0078 0108 6440 1000 6165<\/span><\/strong><\/p>\n<p style=\"text-align: justify;\"><span style=\"color: #0000ff;\"><strong><u>CRITERIO DE OCUPACI\u00d3N DE LAS PLAZAS<\/u><\/strong>:<\/span><br \/>\n<em><strong>1.<\/strong><\/em> Orden de inscripci\u00f3n, con prioridad a los socios.<br \/>\n<em><strong>2.<\/strong><\/em> Si quedan plazas libres las ocupar\u00e1n los nuevos socios que soliciten asociarse tras esta convocatoria y por \u00faltimo, los no socios.<\/p>\n","protected":false},"excerpt":{"rendered":"<p>Ya se encuentra abierto el plazo de inscripci\u00f3n para la ruta: La Rabaza &#8211;\u00a0 Cascada de Cabroeira (Portugal), circular de unos 10 km\u00a0 y con dificultad baja, para el s\u00e1bado 9 de mayo. Pod\u00e9is consultar\/descargar el track de esta ruta en ESTE ENLACE. Dejamos aqu\u00ed una peque\u00f1a descripci\u00f3n ofrecida por \u00abTurismo do Alentejo, ERT\u00bb: \u00abLas [&hellip;]<\/p>\n","protected":false},"author":1,"featured_media":122,"comment_status":"open","ping_status":"open","sticky":false,"template":"","format":"standard","meta":{"footnotes":""},"categories":[17,18],"tags":[21,13],"class_list":{"0":"post-4618","1":"post","2":"type-post","3":"status-publish","4":"format-standard","5":"has-post-thumbnail","6":"hentry","7":"category-noticias-comunicados","8":"category-senderismo","9":"tag-comunicados","10":"tag-senderismo","12":"post-with-thumbnail","13":"post-with-thumbnail-large"},"_links":{"self":[{"href":"https:\/\/www.astoll.es\/index.php?rest_route=\/wp\/v2\/posts\/4618","targetHints":{"allow":["GET"]}}],"collection":[{"href":"https:\/\/www.astoll.es\/index.php?rest_route=\/wp\/v2\/posts"}],"about":[{"href":"https:\/\/www.astoll.es\/index.php?rest_route=\/wp\/v2\/types\/post"}],"author":[{"embeddable":true,"href":"https:\/\/www.astoll.es\/index.php?rest_route=\/wp\/v2\/users\/1"}],"replies":[{"embeddable":true,"href":"https:\/\/www.astoll.es\/index.php?rest_route=%2Fwp%2Fv2%2Fcomments&post=4618"}],"version-history":[{"count":3,"href":"https:\/\/www.astoll.es\/index.php?rest_route=\/wp\/v2\/posts\/4618\/revisions"}],"predecessor-version":[{"id":4622,"href":"https:\/\/www.astoll.es\/index.php?rest_route=\/wp\/v2\/posts\/4618\/revisions\/4622"}],"wp:featuredmedia":[{"embeddable":true,"href":"https:\/\/www.astoll.es\/index.php?rest_route=\/wp\/v2\/media\/122"}],"wp:attachment":[{"href":"https:\/\/www.astoll.es\/index.php?rest_route=%2Fwp%2Fv2%2Fmedia&parent=4618"}],"wp:term":[{"taxonomy":"category","embeddable":true,"href":"https:\/\/www.astoll.es\/index.php?rest_route=%2Fwp%2Fv2%2Fcategories&post=4618"},{"taxonomy":"post_tag","embeddable":true,"href":"https:\/\/www.astoll.es\/index.php?rest_route=%2Fwp%2Fv2%2Ftags&post=4618"}],"curies":[{"name":"wp","href":"https:\/\/api.w.org\/{rel}","templated":true}]}}