{"id":4609,"date":"2026-04-27T09:37:09","date_gmt":"2026-04-27T07:37:09","guid":{"rendered":"https:\/\/www.astoll.es\/?p=4609"},"modified":"2026-04-27T09:39:12","modified_gmt":"2026-04-27T07:39:12","slug":"ruta-circular-por-valencia-del-ventoso-badajoz-domingo-3-de-mayo","status":"publish","type":"post","link":"https:\/\/www.astoll.es\/?p=4609","title":{"rendered":"Ruta circular por Valencia del Ventoso (Badajoz), domingo 3 de mayo."},"content":{"rendered":"<p style=\"text-align: justify;\">Ya se encuentra abierto el plazo de inscripci\u00f3n para la ruta de <strong>Valencia del Ventoso<\/strong> del<strong> domingo 3 de mayo.<\/strong><\/p>\n<p style=\"text-align: justify;\">Iremos guiados por los compa\u00f1eros de la asociaci\u00f3n senderista de <strong>Valencia del Ventoso<\/strong>, que nos est\u00e1n preparando una ruta de unos<strong> 13 km,<\/strong> que ser\u00e1 una alternativa\/variante a la \u00ab<a href=\"https:\/\/andanzasdeunloboestepario.blogspot.com\/2020\/03\/los-menhires-de-la-cuenca-del-ardila.html\" target=\"_blank\" rel=\"noopener\"><span style=\"color: #003300;\"><em>Ruta de los tres mehires<\/em><\/span><\/a>\u00ab, para no repetir \u00e9sta, ya que fue la que hicimos en la \u00faltima ocasi\u00f3n que estuvimos en esta zona, aunque el recorrido pasar\u00e1 tambi\u00e9n por dos de estos menhires,.. \u00a1\u00a1<strong>Cuando tengamos m\u00e1s detalles, os informaremos!!.<\/strong><\/p>\n<p style=\"text-align: justify;\"><strong>\u00a1\u00a1<u>IMPORTANTE<\/u>!!<\/strong>: Aunque no estaba previsto en nuestro calendario, \u00a1\u00a1para esta ruta pondremos bus!!, por lo que<strong> la inscripci\u00f3n es obligatori<\/strong>a y debe realizarse preferentemente por correo electr\u00f3nico (<strong><a href=\"mailto:astoll@astoll.es\" target=\"_blank\" rel=\"noopener noreferrer\">astoll@astoll.es<\/a><\/strong> o <strong><a href=\"mailto:secretario@astoll.es\" target=\"_blank\" rel=\"noopener noreferrer\">secretario@astoll.es<\/a><\/strong>), whatsapp o llamada por tel\u00e9fono (<strong>600611187<\/strong> \u2013 Jos\u00e9 \u00c1ngel), si no se dispone de los otros medios.<\/p>\n<p style=\"text-align: justify;\"><strong>El plazo finaliza a las 20:00 horas del jueves, d\u00eda 30 de abril<\/strong>. Se cobrar\u00e1 el precio del viaje a todos los socios que se encuentren inscritos a las 20:00 horas del jueves d\u00eda 30 de abril, viajen o no.<\/p>\n<p style=\"text-align: justify;\"><span style=\"color: #ff0000;\"><strong>Lugar de salida desde Llerena<\/strong><\/span>: frente\u00a0 a <em>Cervecer\u00eda Cafeter\u00eda \u201cCasa Antonio\u201d<strong>.\u00a0<\/strong><\/em><strong><span style=\"color: #ff0000;\">Hora de salida del bus<\/span>: <span style=\"color: #0000ff;\">7:30 h.<\/span><\/strong><\/p>\n<p style=\"text-align: justify;\"><span style=\"color: #0000ff;\"><strong><u>PRECIO BUS PARA SOCIOS<\/u>: <\/strong> <strong>3 \u20ac<\/strong>.<\/span> No es necesario hacer el ingreso de esta cantidad, al final de a\u00f1o se har\u00e1 recuento de rutas por socio y se pasar\u00e1 el recibo con la cuota del a\u00f1o 2027.<\/p>\n<p style=\"text-align: justify;\"><span style=\"color: #0000ff;\"><strong><u>PRECIO BUS PARA \u201cNO\u201d SOCIOS<\/u>:<\/strong> <strong>15 \u20ac<span style=\"color: #000000;\">.<\/span><\/strong><\/span> El ingreso se debe realizar en la cuenta:<\/p>\n<p style=\"text-align: center;\"><strong><span style=\"color: #0000ff;\"> Banco Pueyo:<\/span> <span style=\"color: #ff0000;\">ES68 0078 0108 6440 1000 6165<\/span><\/strong><\/p>\n<p style=\"text-align: justify;\"><span style=\"color: #0000ff;\"><strong><u>CRITERIO DE OCUPACI\u00d3N DE LAS PLAZAS<\/u><\/strong>:<\/span><br \/>\n<em><strong>1.<\/strong><\/em> Orden de inscripci\u00f3n, con prioridad a los socios.<br \/>\n<em><strong>2.<\/strong><\/em> Si quedan plazas libres las ocupar\u00e1n los nuevos socios que soliciten asociarse tras esta convocatoria y por \u00faltimo, los no socios.<\/p>\n","protected":false},"excerpt":{"rendered":"<p>Ya se encuentra abierto el plazo de inscripci\u00f3n para la ruta de Valencia del Ventoso del domingo 3 de mayo. Iremos guiados por los compa\u00f1eros de la asociaci\u00f3n senderista de Valencia del Ventoso, que nos est\u00e1n preparando una ruta de unos 13 km, que ser\u00e1 una alternativa\/variante a la \u00abRuta de los tres mehires\u00ab, para [&hellip;]<\/p>\n","protected":false},"author":1,"featured_media":4612,"comment_status":"open","ping_status":"open","sticky":false,"template":"","format":"standard","meta":{"footnotes":""},"categories":[17,18],"tags":[21,13],"class_list":{"0":"post-4609","1":"post","2":"type-post","3":"status-publish","4":"format-standard","5":"has-post-thumbnail","6":"hentry","7":"category-noticias-comunicados","8":"category-senderismo","9":"tag-comunicados","10":"tag-senderismo","12":"post-with-thumbnail","13":"post-with-thumbnail-large"},"_links":{"self":[{"href":"https:\/\/www.astoll.es\/index.php?rest_route=\/wp\/v2\/posts\/4609","targetHints":{"allow":["GET"]}}],"collection":[{"href":"https:\/\/www.astoll.es\/index.php?rest_route=\/wp\/v2\/posts"}],"about":[{"href":"https:\/\/www.astoll.es\/index.php?rest_route=\/wp\/v2\/types\/post"}],"author":[{"embeddable":true,"href":"https:\/\/www.astoll.es\/index.php?rest_route=\/wp\/v2\/users\/1"}],"replies":[{"embeddable":true,"href":"https:\/\/www.astoll.es\/index.php?rest_route=%2Fwp%2Fv2%2Fcomments&post=4609"}],"version-history":[{"count":2,"href":"https:\/\/www.astoll.es\/index.php?rest_route=\/wp\/v2\/posts\/4609\/revisions"}],"predecessor-version":[{"id":4611,"href":"https:\/\/www.astoll.es\/index.php?rest_route=\/wp\/v2\/posts\/4609\/revisions\/4611"}],"wp:featuredmedia":[{"embeddable":true,"href":"https:\/\/www.astoll.es\/index.php?rest_route=\/wp\/v2\/media\/4612"}],"wp:attachment":[{"href":"https:\/\/www.astoll.es\/index.php?rest_route=%2Fwp%2Fv2%2Fmedia&parent=4609"}],"wp:term":[{"taxonomy":"category","embeddable":true,"href":"https:\/\/www.astoll.es\/index.php?rest_route=%2Fwp%2Fv2%2Fcategories&post=4609"},{"taxonomy":"post_tag","embeddable":true,"href":"https:\/\/www.astoll.es\/index.php?rest_route=%2Fwp%2Fv2%2Ftags&post=4609"}],"curies":[{"name":"wp","href":"https:\/\/api.w.org\/{rel}","templated":true}]}}