{"id":3499,"date":"2022-11-17T21:30:19","date_gmt":"2022-11-17T20:30:19","guid":{"rendered":"https:\/\/www.astoll.es\/?p=3499"},"modified":"2022-11-17T21:32:14","modified_gmt":"2022-11-17T20:32:14","slug":"votacion-del-proyecto-de-senalizacion-del-camino-de-santiago-de-la-frontera","status":"publish","type":"post","link":"https:\/\/www.astoll.es\/?p=3499","title":{"rendered":"Votaci\u00f3n del proyecto de \u00abSe\u00f1alizaci\u00f3n del Camino de Santiago de la Frontera\u00bb."},"content":{"rendered":"<p style=\"text-align: justify;\">Se ha abierto el plazo para votar el proyecto \u00ab<em><strong>Se\u00f1alizaci\u00f3n del Camino de Santiago de la Frontera\u00bb<\/strong><\/em>, en concreto del tramo que transcurre por la <strong>Campi\u00f1a Sur<\/strong>, el cual ya est\u00e1 aceptado por la <strong>Diputaci\u00f3n de Badajoz,<\/strong> pero se necesita que se vote por aquellos que est\u00e9n empadronados en las localidades afectadas para que dicho proyecto siga adelante.<\/p>\n<p style=\"text-align: justify;\">El objetivo de este proyecto es se\u00f1alizar debidamente los caminos del itinerario jacabeo del <a href=\"https:\/\/caminodelafrontera.es\/\" target=\"_blank\" rel=\"noopener\"><em><strong>Camino de la Frontera<\/strong><\/em><\/a> en su trayacto por la <strong>Campi\u00f1a Sur<\/strong> con el fin de <span style=\"color: #0000ff;\">dinamizar y difundir dicha ruta<\/span> (concretamente el trazado correspondiente al tramo desde <strong>Fuente del Arco<\/strong> a los<strong> Santos de Maimona<\/strong>)<\/p>\n<p style=\"text-align: justify;\">Una vez se\u00f1alizada cada etapa del <a href=\"https:\/\/caminodelafrontera.es\/\" target=\"_blank\" rel=\"noopener\"><strong><em>Camino Jacobeo de la Frontera<\/em><\/strong><\/a>, con monolitos de inicio y final de cada una de ellas, se hace necesaria la identificacion mediante hitos de todo su trayecto, teniendo en cuenta cruces e inconvenientes geogr\u00e1ficos, como bifurcaciones, con los que puede encontrarse cada caminantes y que dificultaban la consecuci\u00f3n del camino.<\/p>\n<p style=\"text-align: justify;\">El proyecto que incluye esta propuesta contempla elementos identificativos a lo largo de todo el recorrido incluyendo tambien la se\u00f1alizaci\u00f3n correspondientes en las localidades que atraviesa.<\/p>\n<p style=\"text-align: justify;\">En <a href=\"https:\/\/participa.dip-badajoz.es\/budgets\/1\/investments\/59\" target=\"_blank\" rel=\"noopener\"><span style=\"color: #0000ff;\"><strong>ESTE ENLACE<\/strong><\/span><\/a> que lleva a la p\u00e1gina de la <strong>Diputaci\u00f3n de Badajoz<\/strong> donde se aborda este tema, pod\u00e9is consultar toda la informaci\u00f3n sobre este proyecto, incluido el informe t\u00e9cnico y en funci\u00f3n de ello votar a favor o en contra de dicha se\u00f1alizaci\u00f3n.<\/p>\n<p style=\"text-align: justify;\">La debida se\u00f1alizaci\u00f3n de este recorrido del <strong><em>Camino de la Frontera<\/em><\/strong> tiene como objetivo el permitir unificar esfuerzos para ejecutar iniciativas que gozan del apoyo social necesario para poder llevar a cabo un <em>Plan de Desarrollo Rural al paso del Camino de la Frontera<\/em>. Con ello se conseguir\u00e1 un impulso al comercio, la industria, la restauraci\u00f3n y la gastronom\u00eda de la zona, as\u00ed comoo la recuperaci\u00f3n del patrimonio natural, documental y arquitect\u00f3nico de este territorio. Aspectos fundamentales que se ver\u00edan favorecidos con esta actuaci\u00f3n son la fijaci\u00f3n de la poblaci\u00f3n en el territorio y la genreaci\u00f3n de empleo.<\/p>\n<p>Ten\u00e9is m\u00e1s informaci\u00f3n sobre este camino jacobeo en esta misma web, concretamente en <span style=\"color: #0000ff;\"><strong><a style=\"color: #0000ff;\" href=\"https:\/\/www.astoll.es\/?p=2114#more-2114\" target=\"_blank\" rel=\"noopener\">ESTE ENLACE<\/a><\/strong><\/span>.<\/p>\n","protected":false},"excerpt":{"rendered":"<p>Se ha abierto el plazo para votar el proyecto \u00abSe\u00f1alizaci\u00f3n del Camino de Santiago de la Frontera\u00bb, en concreto del tramo que transcurre por la Campi\u00f1a Sur, el cual ya est\u00e1 aceptado por la Diputaci\u00f3n de Badajoz, pero se necesita que se vote por aquellos que est\u00e9n empadronados en las localidades afectadas para que dicho [&hellip;]<\/p>\n","protected":false},"author":1,"featured_media":1396,"comment_status":"open","ping_status":"open","sticky":false,"template":"","format":"standard","meta":{"footnotes":""},"categories":[34,17],"tags":[35,21],"class_list":{"0":"post-3499","1":"post","2":"type-post","3":"status-publish","4":"format-standard","5":"has-post-thumbnail","6":"hentry","7":"category-camino-jacobeo-de-la-frontera","8":"category-noticias-comunicados","9":"tag-camino-jacobeo-de-la-frontera","10":"tag-comunicados","12":"post-with-thumbnail","13":"post-with-thumbnail-large"},"_links":{"self":[{"href":"https:\/\/www.astoll.es\/index.php?rest_route=\/wp\/v2\/posts\/3499","targetHints":{"allow":["GET"]}}],"collection":[{"href":"https:\/\/www.astoll.es\/index.php?rest_route=\/wp\/v2\/posts"}],"about":[{"href":"https:\/\/www.astoll.es\/index.php?rest_route=\/wp\/v2\/types\/post"}],"author":[{"embeddable":true,"href":"https:\/\/www.astoll.es\/index.php?rest_route=\/wp\/v2\/users\/1"}],"replies":[{"embeddable":true,"href":"https:\/\/www.astoll.es\/index.php?rest_route=%2Fwp%2Fv2%2Fcomments&post=3499"}],"version-history":[{"count":4,"href":"https:\/\/www.astoll.es\/index.php?rest_route=\/wp\/v2\/posts\/3499\/revisions"}],"predecessor-version":[{"id":3503,"href":"https:\/\/www.astoll.es\/index.php?rest_route=\/wp\/v2\/posts\/3499\/revisions\/3503"}],"wp:featuredmedia":[{"embeddable":true,"href":"https:\/\/www.astoll.es\/index.php?rest_route=\/wp\/v2\/media\/1396"}],"wp:attachment":[{"href":"https:\/\/www.astoll.es\/index.php?rest_route=%2Fwp%2Fv2%2Fmedia&parent=3499"}],"wp:term":[{"taxonomy":"category","embeddable":true,"href":"https:\/\/www.astoll.es\/index.php?rest_route=%2Fwp%2Fv2%2Fcategories&post=3499"},{"taxonomy":"post_tag","embeddable":true,"href":"https:\/\/www.astoll.es\/index.php?rest_route=%2Fwp%2Fv2%2Ftags&post=3499"}],"curies":[{"name":"wp","href":"https:\/\/api.w.org\/{rel}","templated":true}]}}